{"id":1302,"date":"2025-03-10T16:38:57","date_gmt":"2025-03-10T15:38:57","guid":{"rendered":"https:\/\/www.bw-uelzen.de\/?p=1302"},"modified":"2025-03-10T16:38:57","modified_gmt":"2025-03-10T15:38:57","slug":"%f0%9f%93%a2von-match-bis-beach-das-sind-unsere-top-events-2025%f0%9f%8c%9e%f0%9f%8e%be","status":"publish","type":"post","link":"https:\/\/www.bw-uelzen.de\/?p=1302","title":{"rendered":"\ud83d\udce2Von Match bis Beach \u2013 Das sind unsere Top-Events 2025!\ud83c\udf1e\ud83c\udfbe"},"content":{"rendered":"\n<div class=\"wp-block-group\"><div class=\"wp-block-group__inner-container is-layout-constrained wp-block-group-is-layout-constrained\">\n<div class=\"wp-block-group\"><div class=\"wp-block-group__inner-container is-layout-constrained wp-block-group-is-layout-constrained\">\n<div class=\"wp-block-group\"><div class=\"wp-block-group__inner-container is-layout-constrained wp-block-group-is-layout-constrained\">\n<div class=\"wp-block-group\"><div class=\"wp-block-group__inner-container is-layout-constrained wp-block-group-is-layout-constrained\">\n<div class=\"wp-block-group\"><div class=\"wp-block-group__inner-container is-layout-constrained wp-block-group-is-layout-constrained\">\n<div class=\"wp-block-group\"><div class=\"wp-block-group__inner-container is-layout-constrained wp-block-group-is-layout-constrained\">\n<h4 class=\"wp-block-heading\"><strong>Liebe Tennisfreunde,<\/strong><\/h4>\n\n\n\n<p>die Tage werden l\u00e4nger, die Temperaturen steigen \u2013 das bedeutet:\u00a0<strong>Unsere Sommersaison 2025 steht in den Startl\u00f6chern!<\/strong>\u00a0<\/p>\n\n\n\n<p>Wir freuen uns riesig auf eine Saison voller spannender Matches, geselliger Veranstaltungen und sportlicher Highlights. Hier sind die wichtigsten Termine, die ihr euch schon jetzt im Kalender vormerken solltet:<\/p>\n\n\n\n<h3 class=\"wp-block-heading\">\ud83d\udcc5\u00a0<strong>Wichtige Termine f\u00fcr die Saison 2025<\/strong>:<\/h3>\n\n\n\n<p>\u2705&nbsp;<strong>15.03.2025 \u2013 Arbeitseinsatz zur Platzherrichtung<\/strong>&nbsp;(ab 9:30 bis ca. 12:30 Uhr)<br>Lasst uns gemeinsam unsere Pl\u00e4tze f\u00fcr die Sommersaison auf Vordermann bringen. Jede helfende Hand ist willkommen! \ud83d\udcaa<\/p>\n\n\n\n<p>\u2705&nbsp;<strong>16.03.2025 \u2013 Jahreshauptversammlung<\/strong>&nbsp;(ab 11:00 Uhr)<br>Alle Mitglieder sind herzlich eingeladen, sich \u00fcber aktuelle Themen und Pl\u00e4ne des Vereins zu informieren. Eure Meinung z\u00e4hlt!<\/p>\n\n\n\n<p>\u2705&nbsp;<strong>16.03.2025 \u2013 Green Quest \u2013 JTeam Challenge<\/strong>&nbsp;(ab 13:00 Uhr)<br>Eine spannende Challenge f\u00fcr unseren Tennis-Nachwuchs! Wer ist bereit, sich der Green Quest zu stellen? \ud83c\udf31\ud83c\udfbe<\/p>\n\n\n\n<p>\u2705&nbsp;<strong>01.05.2025 \u2013 Familientag<\/strong><br>Ein Tag f\u00fcr die ganze Familie \u2013 mit Spiel, Spa\u00df und Tennis f\u00fcr Gro\u00df &amp; Klein!<\/p>\n\n\n\n<p>\u2705&nbsp;<strong>21.06.2025 \u2013 2. Fr\u00e4nkiCup<\/strong>&nbsp;\ud83c\udfc6<br>Nach dem erfolgreichen Deb\u00fct bei unserer 100-Jahr-Feier im letzten Jahr geht das Turnier in die zweite Runde! Spannung und Tennis-Action garantiert.<\/p>\n\n\n\n<p>\u2705&nbsp;<strong>12.-13.07.2025 \u2013 Breitensport-Doppel-Turnier<\/strong><br>Wir freuen uns, dieses Turnier f\u00fcr Freizeit- &amp; Hobbyspieler in unserer Region ausrichten zu d\u00fcrfen. Ein tolles Event f\u00fcr alle, die Tennis lieben!<\/p>\n\n\n\n<p>\u2705\u00a0<strong>16.-17.08.2025 \u2013 Uelzen Tennis Open<\/strong> \ud83c\udfbe<br>Hochklassiges Tennis, spannende Matches und eine gro\u00dfartige Atmosph\u00e4re \u2013 seid dabei!<\/p>\n\n\n\n<p>\u2705\u00a0<strong>06.09.2025 \u2013 Uelzen Beach Tennis Open<\/strong>\u00a0\ud83c\udfd6\ufe0f<br>Sand, Sonne &amp; Beach-Feeling \u2013 unser Sommerfinale mit Beachtennis-Spa\u00df f\u00fcr alle!<\/p>\n<\/div><\/div>\n<\/div><\/div>\n<\/div><\/div>\n<\/div><\/div>\n\n\n\n<p>Egal, ob ihr selbst spielt, mitfiebert oder einfach die tolle Vereinsatmosph\u00e4re genie\u00dft \u2013 wir freuen uns auf eine unvergessliche Saison mit euch! \ud83d\udc99\ud83e\udd0d<\/p>\n\n\n\n<p>\ud83d\udce2&nbsp;<strong>Save the Date &amp; bleibt informiert!<\/strong>&nbsp;Folgt uns auf&nbsp;<strong><a href=\"#\">Instagram<\/a>&nbsp;&amp;&nbsp;<a href=\"#\">Facebook<\/a><\/strong>&nbsp;f\u00fcr aktuelle Infos und Updates.<\/p>\n\n\n\n<p>\ud83c\udfbe\u00a0<strong>Auf eine fantastische Saison 2025 \u2013 wir sehen uns auf dem Platz!<\/strong><\/p>\n<\/div><\/div>\n<\/div><\/div>\n\n\n\n<p><\/p>\n","protected":false},"excerpt":{"rendered":"<p>Liebe Tennisfreunde, die Tage werden l\u00e4nger, die Temperaturen steigen \u2013 das bedeutet:\u00a0Unsere Sommersaison 2025 steht in den Startl\u00f6chern!\u00a0 Wir freuen uns riesig auf eine Saison voller spannender Matches, geselliger Veranstaltungen und sportlicher Highlights. Hier sind die wichtigsten Termine, die ihr euch schon jetzt im Kalender vormerken solltet: \ud83d\udcc5\u00a0Wichtige Termine f\u00fcr die Saison 2025: \u2705&nbsp;15.03.2025 \u2013 Arbeitseinsatz zur Platzherrichtung&nbsp;(ab 9:30 bis<\/p>\n","protected":false},"author":5,"featured_media":0,"comment_status":"open","ping_status":"open","sticky":false,"template":"","format":"standard","meta":{"passster_activate_protection":false,"passster_protect_child_pages":"","passster_protection_type":"password","passster_password":"","passster_activate_overwrite_defaults":"","passster_headline":"","passster_instruction":"","passster_placeholder":"","passster_button":"","passster_id":"","passster_activate_misc_settings":"","passster_redirect_url":"","passster_hide":"no","passster_area_shortcode":"","_monsterinsights_skip_tracking":false,"_monsterinsights_sitenote_active":false,"_monsterinsights_sitenote_note":"","_monsterinsights_sitenote_category":0,"footnotes":""},"categories":[1],"tags":[],"class_list":["post-1302","post","type-post","status-publish","format-standard","hentry","category-allgemein"],"_links":{"self":[{"href":"https:\/\/www.bw-uelzen.de\/index.php?rest_route=\/wp\/v2\/posts\/1302","targetHints":{"allow":["GET"]}}],"collection":[{"href":"https:\/\/www.bw-uelzen.de\/index.php?rest_route=\/wp\/v2\/posts"}],"about":[{"href":"https:\/\/www.bw-uelzen.de\/index.php?rest_route=\/wp\/v2\/types\/post"}],"author":[{"embeddable":true,"href":"https:\/\/www.bw-uelzen.de\/index.php?rest_route=\/wp\/v2\/users\/5"}],"replies":[{"embeddable":true,"href":"https:\/\/www.bw-uelzen.de\/index.php?rest_route=%2Fwp%2Fv2%2Fcomments&post=1302"}],"version-history":[{"count":2,"href":"https:\/\/www.bw-uelzen.de\/index.php?rest_route=\/wp\/v2\/posts\/1302\/revisions"}],"predecessor-version":[{"id":1304,"href":"https:\/\/www.bw-uelzen.de\/index.php?rest_route=\/wp\/v2\/posts\/1302\/revisions\/1304"}],"wp:attachment":[{"href":"https:\/\/www.bw-uelzen.de\/index.php?rest_route=%2Fwp%2Fv2%2Fmedia&parent=1302"}],"wp:term":[{"taxonomy":"category","embeddable":true,"href":"https:\/\/www.bw-uelzen.de\/index.php?rest_route=%2Fwp%2Fv2%2Fcategories&post=1302"},{"taxonomy":"post_tag","embeddable":true,"href":"https:\/\/www.bw-uelzen.de\/index.php?rest_route=%2Fwp%2Fv2%2Ftags&post=1302"}],"curies":[{"name":"wp","href":"https:\/\/api.w.org\/{rel}","templated":true}]}}