{"id":1256,"date":"2024-11-20T22:36:29","date_gmt":"2024-11-20T21:36:29","guid":{"rendered":"https:\/\/www.bw-uelzen.de\/?p=1256"},"modified":"2024-11-20T22:36:30","modified_gmt":"2024-11-20T21:36:30","slug":"unsere-homepage-lebt-wieder-aktuelle-termine-und-neue-informationen-beim-tc-blau-weiss-uelzen","status":"publish","type":"post","link":"https:\/\/www.bw-uelzen.de\/?p=1256","title":{"rendered":"Unsere Homepage lebt wieder: Aktuelle Termine und neue Informationen beim TC Blau-Wei\u00df Uelzen"},"content":{"rendered":"\n<div class=\"wp-block-group\"><div class=\"wp-block-group__inner-container is-layout-constrained wp-block-group-is-layout-constrained\">\n<p><strong>Liebe Mitglieder und Freunde des TC Blau-Wei\u00df Uelzen,<\/strong><\/p>\n\n\n\n<p>nach einigen ruhigeren Wochen auf unserer Homepage m\u00f6chten wir uns heute mit einem umfassenden Update zur\u00fcckmelden. Zun\u00e4chst m\u00f6chten wir uns f\u00fcr die zwischenzeitliche Stille entschuldigen. Die intensiven Vorbereitungen und das gro\u00dfe Engagement rund um unser 100-j\u00e4hriges Jubil\u00e4um haben viel Zeit und Energie erfordert. Wir freuen uns, euch mitteilen zu k\u00f6nnen, dass nun wieder regelm\u00e4\u00dfiger aktuelle Informationen hier ver\u00f6ffentlicht werden.<\/p>\n\n\n\n<p>Au\u00dferdem m\u00f6chten wir euch bereits ank\u00fcndigen, dass in K\u00fcrze ein ausf\u00fchrlicher <strong>Abschlussbericht zum 100-j\u00e4hrigen Jubil\u00e4um<\/strong> erscheinen wird. So k\u00f6nnen wir gemeinsam noch einmal auf dieses wunderbare Ereignis zur\u00fcckblicken.<\/p>\n\n\n\n<hr class=\"wp-block-separator has-alpha-channel-opacity\"\/>\n\n\n\n<h3 class=\"wp-block-heading\"><strong>Kommende Veranstaltungen<\/strong><\/h3>\n\n\n\n<p>Damit ihr keine wichtigen Termine verpasst, hier ein \u00dcberblick \u00fcber die kommenden Highlights:<\/p>\n\n\n\n<p><strong>1. Er\u00f6ffnung des Oldenst\u00e4dter Adventskalenders \u2013 01.12.2024<\/strong><br>Ab 17:00 Uhr laden wir euch herzlich auf unsere Anlage ein, um die Adventszeit einzul\u00e4uten. Mit Bratwurst, Punsch, Waffeln und einer gem\u00fctlichen Atmosph\u00e4re ist f\u00fcr die ganze Familie gesorgt.<\/p>\n\n\n\n<p><strong>2. Kinderweihnachtsfeier \u2013 18.12.2024<\/strong><br>Unsere Jugendabteilung feiert ab 17:00 Uhr eine besinnliche Weihnachtsfeier. Auch Eltern sind herzlich eingeladen! Unser Jugendwart Frank organisiert dazu eine Abfrage in der WhatsApp-Jugendgruppe.<\/p>\n\n\n\n<p><strong>3. Gr\u00fcnkohlessen \u2013 Januar 2025<\/strong><br>Nach l\u00e4ngerer Pause wollen wir das traditionelle Gr\u00fcnkohlessen wieder aufleben lassen. Der genaue Termin wird noch bekannt gegeben.<\/p>\n\n\n\n<p><strong>4. Hallen-Fr\u00e4nki-Cup<\/strong>\u00ae<br>Der Fr\u00e4nki-Cup\u00ae soll in die n\u00e4chste Runde gehen \u2013 erstmals in der Halle! Spannende Matches und ein sportliches Miteinander erwarten euch an diesem Wochenende. Genaueres wird rechtzeitig kommuniziert werden.<\/p>\n\n\n\n<p><strong>5. Jahreshauptversammlung \u2013 16.03.2025<\/strong><br>Tragt euch diesen wichtigen Termin bereits jetzt in die Kalender ein! Es werden wichtige Themen rund um die Zukunft unseres Vereins besprochen. Nutzt die Gelegenheit, euch aktiv einzubringen! <\/p>\n\n\n\n<p><strong>6. Familientag \u2013 01.05.2025<\/strong><br>Unser beliebter Familientag findet auch im kommenden Jahr wieder statt. Details folgen.<\/p>\n\n\n\n<hr class=\"wp-block-separator has-alpha-channel-opacity\"\/>\n\n\n\n<p>Wir freuen uns darauf, euch bei den kommenden Veranstaltungen zahlreich zu sehen und gemeinsam die Vorweihnachtszeit sowie den Start ins neue Jahr zu genie\u00dfen. Vielen Dank f\u00fcr eure Unterst\u00fctzung und euer Engagement \u2013 wir blicken motiviert auf viele weitere sportliche und gesellige Momente im Verein!<\/p>\n\n\n\n<p>Mit sportlichen Gr\u00fc\u00dfen<br>Euer Vorstand des TC Blau-Wei\u00df Uelzen<\/p>\n<\/div><\/div>\n","protected":false},"excerpt":{"rendered":"<p>Liebe Mitglieder und Freunde des TC Blau-Wei\u00df Uelzen, nach einigen ruhigeren Wochen auf unserer Homepage m\u00f6chten wir uns heute mit einem umfassenden Update zur\u00fcckmelden. Zun\u00e4chst m\u00f6chten wir uns f\u00fcr die zwischenzeitliche Stille entschuldigen. Die intensiven Vorbereitungen und das gro\u00dfe Engagement rund um unser 100-j\u00e4hriges Jubil\u00e4um haben viel Zeit und Energie erfordert. Wir freuen uns, euch mitteilen zu k\u00f6nnen, dass nun<\/p>\n","protected":false},"author":5,"featured_media":0,"comment_status":"open","ping_status":"open","sticky":false,"template":"","format":"standard","meta":{"passster_activate_protection":false,"passster_protect_child_pages":"","passster_protection_type":"password","passster_password":"","passster_activate_overwrite_defaults":"","passster_headline":"","passster_instruction":"","passster_placeholder":"","passster_button":"","passster_id":"","passster_activate_misc_settings":"","passster_redirect_url":"","passster_hide":"no","passster_area_shortcode":"","_monsterinsights_skip_tracking":false,"_monsterinsights_sitenote_active":false,"_monsterinsights_sitenote_note":"","_monsterinsights_sitenote_category":0,"footnotes":""},"categories":[1],"tags":[],"class_list":["post-1256","post","type-post","status-publish","format-standard","hentry","category-allgemein"],"_links":{"self":[{"href":"https:\/\/www.bw-uelzen.de\/index.php?rest_route=\/wp\/v2\/posts\/1256","targetHints":{"allow":["GET"]}}],"collection":[{"href":"https:\/\/www.bw-uelzen.de\/index.php?rest_route=\/wp\/v2\/posts"}],"about":[{"href":"https:\/\/www.bw-uelzen.de\/index.php?rest_route=\/wp\/v2\/types\/post"}],"author":[{"embeddable":true,"href":"https:\/\/www.bw-uelzen.de\/index.php?rest_route=\/wp\/v2\/users\/5"}],"replies":[{"embeddable":true,"href":"https:\/\/www.bw-uelzen.de\/index.php?rest_route=%2Fwp%2Fv2%2Fcomments&post=1256"}],"version-history":[{"count":3,"href":"https:\/\/www.bw-uelzen.de\/index.php?rest_route=\/wp\/v2\/posts\/1256\/revisions"}],"predecessor-version":[{"id":1259,"href":"https:\/\/www.bw-uelzen.de\/index.php?rest_route=\/wp\/v2\/posts\/1256\/revisions\/1259"}],"wp:attachment":[{"href":"https:\/\/www.bw-uelzen.de\/index.php?rest_route=%2Fwp%2Fv2%2Fmedia&parent=1256"}],"wp:term":[{"taxonomy":"category","embeddable":true,"href":"https:\/\/www.bw-uelzen.de\/index.php?rest_route=%2Fwp%2Fv2%2Fcategories&post=1256"},{"taxonomy":"post_tag","embeddable":true,"href":"https:\/\/www.bw-uelzen.de\/index.php?rest_route=%2Fwp%2Fv2%2Ftags&post=1256"}],"curies":[{"name":"wp","href":"https:\/\/api.w.org\/{rel}","templated":true}]}}